{"id":213,"date":"2014-03-03T22:37:47","date_gmt":"2014-03-03T21:37:47","guid":{"rendered":"http:\/\/www.juhonisch.de\/wordpress\/?p=213"},"modified":"2016-01-13T23:25:50","modified_gmt":"2016-01-13T22:25:50","slug":"213","status":"publish","type":"post","link":"https:\/\/www.juhonisch.de\/?p=213","title":{"rendered":""},"content":{"rendered":"<p>Und hier eine kleine Vorschau auf die Leipziger Buchmesse:<\/p>\n<p>Ich lese am Donnerstag, den 13. 3. um 12:30<br \/>\naus &#8222;Schwingen aus Stein&#8220;<br \/>\nLeseinsel Fantasy, Halle 2, Stand H309\/K309<\/p>\n<p>Au\u00dferdem ist am gleichen Tag noch die SEARPH Verleihung mit Siegerlesung. Da ich es auf die Shortlist geschafft habe, werde ich nat\u00fcrlich dort sein und entsprechend bang an meinen N\u00e4geln kauen. Es wird auch noch eine Seraph-Lesung geben. Aber es lesen nur die beiden Sieger. Daumendr\u00fccken ist angesagt.<\/p>\n<p>SERAPH Preisverleihung 2014<br \/>\n13. M\u00e4rz 2014 | 17:00 \u2013 18:00 Uhr<br \/>\nPr\u00e4mierung der besten phantastischen Romane und Romandeb\u00fcts des Jahres und Vergabe des SERAPH<br \/>\nOrt: Leseinsel Fantasy Halle 2, Stand H309\/K309<\/p>\n<p>SERAPH-Preistr\u00e4gerlesung der Stadtwerke Leipzig<br \/>\n13. M\u00e4rz 2014 | 20:00<\/p>\n<p>\u00dcberraschungslesung der Preistr\u00e4ger des SERAPH 2014<br \/>\nOrt: Stadtwerke, Energie- und Umweltzentrum , Katharinenstra\u00dfe 17 , 04109 , Leipzig (Zentrum)<\/p>\n<p>Und dann lese ich noch mal am Samstag Abend, allerdings bei einer geschlossenen Veranstaltung.<\/p>\n<p>Freitag um 17:00 Uhr bin ich dann noch am Heyne Stand zu finden.<br \/>\nAnsonsten werde ich mich drei Tage auf der Messe rumtreiben, mal diesen, mal jenen Stand mit meiner Anwesenheit begl\u00fccken (oder nerven). Und ich freue mich, Euch zu sehen, eventuell ein bisschen zu plauschen oder einen Kaffee mit euch zu trinken.<\/p>","protected":false},"excerpt":{"rendered":"<p>Und hier eine kleine Vorschau auf die Leipziger Buchmesse: Ich lese am Donnerstag, den 13. 3. um 12:30 aus &#8222;Schwingen aus Stein&#8220; Leseinsel Fantasy, Halle 2, Stand H309\/K309 Au\u00dferdem ist am gleichen Tag noch die SEARPH Verleihung mit Siegerlesung. Da ich es auf die Shortlist geschafft habe, werde ich nat\u00fcrlich dort sein und entsprechend bang an meinen N\u00e4geln kauen. Es wird auch noch eine Seraph-Lesung geben. Aber es lesen nur die beiden Sieger. Daumendr\u00fccken ist angesagt. SERAPH Preisverleihung 2014 13. M\u00e4rz 2014 | 17:00 \u2013 18:00 Uhr Pr\u00e4mierung der besten phantastischen Romane und Romandeb\u00fcts des Jahres und Vergabe des SERAPH Ort: Leseinsel Fantasy Halle 2, Stand H309\/K309 SERAPH-Preistr\u00e4gerlesung der Stadtwerke Leipzig 13. M\u00e4rz 2014 | 20:00 \u00dcberraschungslesung der Preistr\u00e4ger des SERAPH 2014 Ort: Stadtwerke, Energie- und Umweltzentrum , Katharinenstra\u00dfe 17 , 04109 , Leipzig (Zentrum) Und dann lese ich noch mal am Samstag Abend, allerdings bei einer geschlossenen Veranstaltung. Freitag um 17:00 Uhr bin ich dann noch am Heyne Stand zu finden. Ansonsten werde ich mich drei Tage auf der Messe rumtreiben, mal diesen, mal jenen Stand mit meiner Anwesenheit begl\u00fccken (oder nerven). Und ich freue mich, Euch zu sehen, eventuell ein bisschen zu plauschen oder einen Kaffee mit euch zu trinken.<\/p>\n","protected":false},"author":1,"featured_media":0,"comment_status":"open","ping_status":"closed","sticky":false,"template":"","format":"standard","meta":{"sfsi_plus_gutenberg_text_before_share":"","sfsi_plus_gutenberg_show_text_before_share":"","sfsi_plus_gutenberg_icon_type":"","sfsi_plus_gutenberg_icon_alignemt":"","sfsi_plus_gutenburg_max_per_row":"","footnotes":""},"categories":[9,11],"tags":[],"class_list":["post-213","post","type-post","status-publish","format-standard","hentry","category-book-fairs","category-readings"],"acf":[],"_links":{"self":[{"href":"https:\/\/www.juhonisch.de\/index.php?rest_route=\/wp\/v2\/posts\/213","targetHints":{"allow":["GET"]}}],"collection":[{"href":"https:\/\/www.juhonisch.de\/index.php?rest_route=\/wp\/v2\/posts"}],"about":[{"href":"https:\/\/www.juhonisch.de\/index.php?rest_route=\/wp\/v2\/types\/post"}],"author":[{"embeddable":true,"href":"https:\/\/www.juhonisch.de\/index.php?rest_route=\/wp\/v2\/users\/1"}],"replies":[{"embeddable":true,"href":"https:\/\/www.juhonisch.de\/index.php?rest_route=%2Fwp%2Fv2%2Fcomments&post=213"}],"version-history":[{"count":1,"href":"https:\/\/www.juhonisch.de\/index.php?rest_route=\/wp\/v2\/posts\/213\/revisions"}],"predecessor-version":[{"id":214,"href":"https:\/\/www.juhonisch.de\/index.php?rest_route=\/wp\/v2\/posts\/213\/revisions\/214"}],"wp:attachment":[{"href":"https:\/\/www.juhonisch.de\/index.php?rest_route=%2Fwp%2Fv2%2Fmedia&parent=213"}],"wp:term":[{"taxonomy":"category","embeddable":true,"href":"https:\/\/www.juhonisch.de\/index.php?rest_route=%2Fwp%2Fv2%2Fcategories&post=213"},{"taxonomy":"post_tag","embeddable":true,"href":"https:\/\/www.juhonisch.de\/index.php?rest_route=%2Fwp%2Fv2%2Ftags&post=213"}],"curies":[{"name":"wp","href":"https:\/\/api.w.org\/{rel}","templated":true}]}}