{"id":194,"date":"2014-10-01T22:31:02","date_gmt":"2014-10-01T20:31:02","guid":{"rendered":"http:\/\/www.juhonisch.de\/wordpress\/?p=194"},"modified":"2018-04-29T23:55:23","modified_gmt":"2018-04-29T21:55:23","slug":"lesungen","status":"publish","type":"post","link":"https:\/\/www.juhonisch.de\/?p=194","title":{"rendered":"Lesungen"},"content":{"rendered":"<p>Zwei Lesungen gab es im letzten Monat. Die erste fand auf der <a href=\"http:\/\/fark-messe.de\/\" target=\"_self\" rel=\"nofollow\">FaRk <\/a> statt, einem wunderbar nerdigen Event im Saarland, das ich jedem nur w\u00e4rmstens empfehlen kann. Hier gab es Rollenspiele, ein Endzeit-Camp mit herrlichen selbstgebastelten Endzeit-Autos, viel Steampunk, viel Gewandung und nat\u00fcrlich Lesungen. Das ganze war auch noch f\u00fcr einen guten Zweck. Die Veranstaltung konnte \u00fcber 20.000 \u20ac an ein Kinderhospiz spenden. Also nicht nur Spa\u00df, sondern auch noch Hilfe. Besser kann es nicht sein.<\/p>\n<div class=\"entry-content\">\n<div class=\"entry-body\">\n<p>Ich war gleich mit zwei Lesungen vertreten. Einmal las ich aus <a href=\"http:\/\/shop.feder-und-schwert.com\/index.php\/belletristik\/origin\/schwingen-aus-stein.html\" target=\"_blank\" rel=\"nofollow noopener\">\u201eSchwingen aus Stein\u201c <\/a> und einmal meine Aschenputtel-Version aus dem Kurzgeschichtenband <a href=\"http:\/\/shop.feder-und-schwert.com\/index.php\/wahre-maerchen.html\" target=\"_blank\" rel=\"nofollow noopener\">\u201eWahre M\u00e4rchen 2\u201c<\/a> . Beide Male hatte ich ein nettes, interessiertes Publikum.<br \/>\n<img decoding=\"async\" title=\"maerchen-cover\" src=\"http:\/\/ic.pics.livejournal.com\/juhonisch\/32323040\/15378\/15378_300.jpg\" alt=\"maerchen-cover\" \/><\/p>\n<p>Das ist nicht selbstverst\u00e4ndlich. Nur zwei Wochen sp\u00e4ter ging eine Lesung auch mal 2:0 aus. Zwei Autorinnen \u2013 null Zuh\u00f6rer. Auch das passiert Schriftstellern manchmal, und man mag sich dar\u00fcber \u00e4rgern, aber wenn sich herausstellt, dass es keine Werbung f\u00fcr das Event gegeben hatte, dann muss es einen zumindest nicht wundern. Wenn keiner wei\u00df, dass irgendwo eine Lesung stattfindet, kommt eben auch keiner. So ist das mit der Logik.<\/p>\n<p>Die n\u00e4chste Lesung wird sicher nicht publikumsfrei sein. Sie findet auf dem diesj\u00e4hrigen <a href=\"http:\/\/www.sftd-online.de\/bucon\/frame.html\" target=\"_blank\" rel=\"nofollow noopener\">BuCon<\/a> statt. Am Buchmesse-Samstag um 12:00 kann man mich dort lesen h\u00f6ren. Es empfiehlt sich \u00fcberhaupt, diese Veranstaltung nicht zu verpassen. Es gib sie seit vielen Jahren, und sie ist der Treffpunkt so ziemlich aller Phantastik-AutorInnen, Blogger, Kritiker, Spezialverlage u.s.w. Am Abend wird dann der Deutsche Phantastik Preis verliehen, und man kann sich an einer Preisverleihungszeremonie erfreuen, die dem Oskar-Abend nicht un\u00e4hnlicher sein k\u00f6nnte. Und das meine ich positiv.<\/p>\n<p>Dieses Mal bin ich nicht nominiert. Aber ich habe ja im M\u00e4rz schon den <a href=\"http:\/\/www.phantastische-akademie.de\/index.php?id=24\" target=\"_blank\" rel=\"nofollow noopener\">SERAPH <\/a> abger\u00e4umt. Zwei Preise f\u00fcr ein Buch &#8211; das w\u00e4re vermutlich unanst\u00e4ndig. (Unanst\u00e4ndig, aber nicht unwillkommen &#8230;)<\/p>\n<\/div>\n<\/div>\n<p><span style=\"border-top-left-radius: 2px; border-top-right-radius: 2px; border-bottom-right-radius: 2px; border-bottom-left-radius: 2px; text-indent: 20px; width: auto; padding: 0px 4px 0px 0px; text-align: center; font-style: normal; font-variant-caps: normal; font-weight: bold; font-stretch: normal; font-size: 11px; line-height: 20px; font-family: 'Helvetica Neue', Helvetica, sans-serif; color: #ffffff; background-image: url(data:image\/svg+xml; base64,phn2zyb4bwxucz0iahr0cdovl3d3dy53my5vcmcvmjawmc9zdmciighlawdodd0imzbwecigd2lkdgg9ijmwchgiihzpzxdcb3g9ii0xic0xidmxidmxij48zz48cgf0acbkpsjnmjkundq5lde0ljy2mibdmjkundq5ldiyljcymiaymi44njgsmjkumju2ide0ljc1ldi5lji1nibdni42mzismjkumju2idaumduxldiyljcymiawlja1mswxnc42njigqzaumduxldyunjaxidyunjmyldaumdy3ide0ljc1ldaumdy3iemymi44njgsmc4wnjcgmjkundq5ldyunjaxidi5ljq0oswxnc42njiiigzpbgw9iinmzmyiihn0cm9rzt0ii2zmziigc3ryb2tllxdpzhropsixij48l3bhdgg+phbhdgggzd0itte0ljczmywxljy4nibdny41mtysms42odygms42njusny40otugms42njusmtqunjyyiemxljy2nswymc4xntkgns4xmdksmjquodu0idkuotcsmjyunzq0iem5ljg1niwyns43mtggos43ntmsmjqumtqzidewljaxniwymy4wmjigqzewlji1mywymi4wmsaxms41ndgsmtyuntcyidexlju0ocwxni41nzigqzexlju0ocwxni41nzigmteumtu3lde1ljc5nsaxms4xntcsmtqunjq2iemxms4xntcsmtiuodqyideyljixmswxms40otugmtmuntiyldexljq5nsbdmtqunjm3ldexljq5nsaxns4xnzusmtiumzi2ide1lje3nswxmy4zmjmgqze1lje3nswxnc40mzygmtqundyylde2ljegmtqumdkzlde3ljy0mybdmtmunzg1lde4ljkznsaxnc43ndusmtkuotg4ide2ljayocwxos45odggqze4ljm1mswxos45odggmjaumtm2lde3lju1niaymc4xmzysmtqumdq2iemymc4xmzysmtauotm5ide3ljg4ocw4ljc2nyaxnc42nzgsoc43njcgqzewljk1osw4ljc2nya4ljc3nywxms41mzygoc43nzcsmtqumzk4iem4ljc3nywxns41mtmgos4ymswxni43mdkgos43ndksmtcumzu5iem5ljg1niwxny40odggos44nzismtcunia5ljg0lde3ljczmsbdos43ndesmtgumtqxidkuntismtkumdizidkundc3lde5ljiwmybdos40miwxos40nca5lji4ocwxos40otegos4wncwxos4znzygqzcunda4lde4ljyymia2ljm4nywxni4yntigni4zodcsmtqumzq5iem2ljm4nywxmc4yntygos4zodmsni40otcgmtuumdiyldyundk3iemxos41ntusni40otcgmjmumdc4ldkunza1idizlja3ocwxmy45otegqzizlja3ocwxoc40njmgmjaumjm5ldiylja2miaxni4yotcsmjiumdyyiemxnc45nzmsmjiumdyyidezljcyocwyms4znzkgmtmumzayldiwlju3mibdmtmumzayldiwlju3miaxmi42ndcsmjmumdugmtiundg4ldizljy1nybdmtiumtkzldi0ljc4ncaxms4zotysmjyumtk2idewljg2mywyny4wntggqzeylja4niwyny40mzqgmtmumzg2ldi3ljyznyaxnc43mzmsmjcunjm3iemyms45nswyny42mzcgmjcuodaxldixljgyocayny44mdesmtqunjyyiemyny44mdesny40otugmjeuotusms42odygmtqunzmzldeunjg2iibmawxspsijymqwodfjij48l3bhdgg+pc9npjwvc3znpg==); background-size: 14px 14px; background-color: #bd081c; position: absolute; opacity: 1; z-index: 8675309; display: none; cursor: pointer; border: none; -webkit-font-smoothing: antialiased; top: 212px; left: 20px; background-position: 3px 50%; background-repeat: no-repeat no-repeat;\">Merken<\/span><span style=\"border-top-left-radius: 2px; border-top-right-radius: 2px; border-bottom-right-radius: 2px; border-bottom-left-radius: 2px; text-indent: 20px; width: auto; padding: 0px 4px 0px 0px; text-align: center; font-style: normal; font-variant-caps: normal; font-weight: bold; font-stretch: normal; font-size: 11px; line-height: 20px; font-family: 'Helvetica Neue', Helvetica, sans-serif; color: #ffffff; background-image: url(data:image\/svg+xml; base64,phn2zyb4bwxucz0iahr0cdovl3d3dy53my5vcmcvmjawmc9zdmciighlawdodd0imzbwecigd2lkdgg9ijmwchgiihzpzxdcb3g9ii0xic0xidmxidmxij48zz48cgf0acbkpsjnmjkundq5lde0ljy2mibdmjkundq5ldiyljcymiaymi44njgsmjkumju2ide0ljc1ldi5lji1nibdni42mzismjkumju2idaumduxldiyljcymiawlja1mswxnc42njigqzaumduxldyunjaxidyunjmyldaumdy3ide0ljc1ldaumdy3iemymi44njgsmc4wnjcgmjkundq5ldyunjaxidi5ljq0oswxnc42njiiigzpbgw9iinmzmyiihn0cm9rzt0ii2zmziigc3ryb2tllxdpzhropsixij48l3bhdgg+phbhdgggzd0itte0ljczmywxljy4nibdny41mtysms42odygms42njusny40otugms42njusmtqunjyyiemxljy2nswymc4xntkgns4xmdksmjquodu0idkuotcsmjyunzq0iem5ljg1niwyns43mtggos43ntmsmjqumtqzidewljaxniwymy4wmjigqzewlji1mywymi4wmsaxms41ndgsmtyuntcyidexlju0ocwxni41nzigqzexlju0ocwxni41nzigmteumtu3lde1ljc5nsaxms4xntcsmtqunjq2iemxms4xntcsmtiuodqyideyljixmswxms40otugmtmuntiyldexljq5nsbdmtqunjm3ldexljq5nsaxns4xnzusmtiumzi2ide1lje3nswxmy4zmjmgqze1lje3nswxnc40mzygmtqundyylde2ljegmtqumdkzlde3ljy0mybdmtmunzg1lde4ljkznsaxnc43ndusmtkuotg4ide2ljayocwxos45odggqze4ljm1mswxos45odggmjaumtm2lde3lju1niaymc4xmzysmtqumdq2iemymc4xmzysmtauotm5ide3ljg4ocw4ljc2nyaxnc42nzgsoc43njcgqzewljk1osw4ljc2nya4ljc3nywxms41mzygoc43nzcsmtqumzk4iem4ljc3nywxns41mtmgos4ymswxni43mdkgos43ndksmtcumzu5iem5ljg1niwxny40odggos44nzismtcunia5ljg0lde3ljczmsbdos43ndesmtgumtqxidkuntismtkumdizidkundc3lde5ljiwmybdos40miwxos40nca5lji4ocwxos40otegos4wncwxos4znzygqzcunda4lde4ljyymia2ljm4nywxni4yntigni4zodcsmtqumzq5iem2ljm4nywxmc4yntygos4zodmsni40otcgmtuumdiyldyundk3iemxos41ntusni40otcgmjmumdc4ldkunza1idizlja3ocwxmy45otegqzizlja3ocwxoc40njmgmjaumjm5ldiylja2miaxni4yotcsmjiumdyyiemxnc45nzmsmjiumdyyidezljcyocwyms4znzkgmtmumzayldiwlju3mibdmtmumzayldiwlju3miaxmi42ndcsmjmumdugmtiundg4ldizljy1nybdmtiumtkzldi0ljc4ncaxms4zotysmjyumtk2idewljg2mywyny4wntggqzeylja4niwyny40mzqgmtmumzg2ldi3ljyznyaxnc43mzmsmjcunjm3iemyms45nswyny42mzcgmjcuodaxldixljgyocayny44mdesmtqunjyyiemyny44mdesny40otugmjeuotusms42odygmtqunzmzldeunjg2iibmawxspsijymqwodfjij48l3bhdgg+pc9npjwvc3znpg==); background-size: 14px 14px; background-color: #bd081c; position: absolute; opacity: 1; z-index: 8675309; display: none; cursor: pointer; border: none; -webkit-font-smoothing: antialiased; top: 212px; left: 20px; background-position: 3px 50%; background-repeat: no-repeat no-repeat;\">Merken<\/span><\/p>","protected":false},"excerpt":{"rendered":"<p>Zwei Lesungen gab es im letzten Monat. Die erste fand auf der FaRk statt, einem wunderbar nerdigen Event im Saarland, das ich jedem nur w\u00e4rmstens empfehlen kann. Hier gab es Rollenspiele, ein Endzeit-Camp mit herrlichen selbstgebastelten Endzeit-Autos, viel Steampunk, viel Gewandung und nat\u00fcrlich Lesungen. Das ganze war auch noch f\u00fcr einen guten Zweck. Die Veranstaltung konnte \u00fcber 20.000 \u20ac an ein Kinderhospiz spenden. Also nicht nur Spa\u00df, sondern auch noch Hilfe. Besser kann es nicht sein. Ich war gleich mit zwei Lesungen vertreten. Einmal las ich aus \u201eSchwingen aus Stein\u201c und einmal meine Aschenputtel-Version aus dem Kurzgeschichtenband \u201eWahre M\u00e4rchen 2\u201c . Beide Male hatte ich ein nettes, interessiertes Publikum. Das ist nicht selbstverst\u00e4ndlich. Nur zwei Wochen sp\u00e4ter ging eine Lesung auch mal 2:0 aus. Zwei Autorinnen \u2013 null Zuh\u00f6rer. Auch das passiert Schriftstellern manchmal, und man mag sich dar\u00fcber \u00e4rgern, aber wenn sich herausstellt, dass es keine Werbung f\u00fcr das Event gegeben hatte, dann muss es einen zumindest nicht wundern. Wenn keiner wei\u00df, dass irgendwo eine Lesung stattfindet, kommt eben auch keiner. So ist das mit der Logik. Die n\u00e4chste Lesung wird sicher nicht publikumsfrei sein. Sie findet auf dem diesj\u00e4hrigen BuCon statt. Am Buchmesse-Samstag um 12:00 kann man mich dort lesen h\u00f6ren. Es empfiehlt sich \u00fcberhaupt, diese Veranstaltung nicht zu verpassen. Es gib sie seit vielen Jahren, und sie ist der Treffpunkt so ziemlich aller Phantastik-AutorInnen, Blogger, Kritiker, Spezialverlage u.s.w. Am Abend wird dann der Deutsche Phantastik Preis verliehen, und man kann sich an einer Preisverleihungszeremonie erfreuen, die dem Oskar-Abend nicht un\u00e4hnlicher sein k\u00f6nnte. Und das meine ich positiv. Dieses Mal bin ich nicht nominiert. Aber ich habe ja im M\u00e4rz schon den SERAPH abger\u00e4umt. Zwei Preise f\u00fcr ein Buch &#8211; das w\u00e4re vermutlich unanst\u00e4ndig. (Unanst\u00e4ndig, aber nicht unwillkommen &#8230;) MerkenMerken<\/p>\n","protected":false},"author":1,"featured_media":0,"comment_status":"open","ping_status":"closed","sticky":false,"template":"","format":"standard","meta":{"sfsi_plus_gutenberg_text_before_share":"","sfsi_plus_gutenberg_show_text_before_share":"","sfsi_plus_gutenberg_icon_type":"","sfsi_plus_gutenberg_icon_alignemt":"","sfsi_plus_gutenburg_max_per_row":"","footnotes":""},"categories":[5,11],"tags":[],"class_list":["post-194","post","type-post","status-publish","format-standard","hentry","category-cons","category-readings"],"acf":[],"_links":{"self":[{"href":"https:\/\/www.juhonisch.de\/index.php?rest_route=\/wp\/v2\/posts\/194","targetHints":{"allow":["GET"]}}],"collection":[{"href":"https:\/\/www.juhonisch.de\/index.php?rest_route=\/wp\/v2\/posts"}],"about":[{"href":"https:\/\/www.juhonisch.de\/index.php?rest_route=\/wp\/v2\/types\/post"}],"author":[{"embeddable":true,"href":"https:\/\/www.juhonisch.de\/index.php?rest_route=\/wp\/v2\/users\/1"}],"replies":[{"embeddable":true,"href":"https:\/\/www.juhonisch.de\/index.php?rest_route=%2Fwp%2Fv2%2Fcomments&post=194"}],"version-history":[{"count":2,"href":"https:\/\/www.juhonisch.de\/index.php?rest_route=\/wp\/v2\/posts\/194\/revisions"}],"predecessor-version":[{"id":602,"href":"https:\/\/www.juhonisch.de\/index.php?rest_route=\/wp\/v2\/posts\/194\/revisions\/602"}],"wp:attachment":[{"href":"https:\/\/www.juhonisch.de\/index.php?rest_route=%2Fwp%2Fv2%2Fmedia&parent=194"}],"wp:term":[{"taxonomy":"category","embeddable":true,"href":"https:\/\/www.juhonisch.de\/index.php?rest_route=%2Fwp%2Fv2%2Fcategories&post=194"},{"taxonomy":"post_tag","embeddable":true,"href":"https:\/\/www.juhonisch.de\/index.php?rest_route=%2Fwp%2Fv2%2Ftags&post=194"}],"curies":[{"name":"wp","href":"https:\/\/api.w.org\/{rel}","templated":true}]}}