{"id":192,"date":"2014-10-16T22:20:41","date_gmt":"2014-10-16T20:20:41","guid":{"rendered":"http:\/\/www.juhonisch.de\/wordpress\/?p=192"},"modified":"2016-01-13T21:30:42","modified_gmt":"2016-01-13T20:30:42","slug":"frankfurter-buchmesse","status":"publish","type":"post","link":"https:\/\/www.juhonisch.de\/?p=192","title":{"rendered":"Frankfurter Buchmesse"},"content":{"rendered":"<p>Die letzte Woche war Buchmesse und nat\u00fcrlich BuCon, der Buchmesse Convent. Auf der Messe war ich nur einen Tag. Das hat aber doch gereicht, um mein Gesicht zu zeigen und ein paar nette Leute zu treffen. Richtig interessant wurde es am Abend. Nach dem traditionellen chinesischen Essen der Phantastik-Autoren (=Phantastik-Autoren haben chinesisch gegessen, und nicht Chinesen haben Phantastik-Autoren gegessen), ging es weiter mit dem Galaktischen Forum. Diesen sch\u00f6nen Namen tr\u00e4gt die Perry-Rhodan-Verlagsparty, auf der ich nun schon das zweite Mal eingeladen war. (Vielen Dank! Ich hoffe, Ihr ladet mich wieder ein!)<\/p>\n<p>Ich bin ja nicht so der Party-Mensch und f\u00fchle mich bei so etwas schnell verloren. Aber diese Zusammenkunft ist wirklich sch\u00f6n, und man trifft dort auf kleinem Raum alle, die in der Szene und in diesem Genre unterwegs sind. Ich werde mir das Name-dropping sparen, aber man konnte hier Licht hinter den Wolken ebenso finden wie eine Reihe Wanderhuren. F\u00fcr mich interessant: ein neues spannendes Kurzgeschichten-Projekt winkt am Horizont, denn auf diesem Treffen hat man intensiveren Kontakt zu seinen \u201ePeers\u201c als auf der riesigen Messe selbst.<\/p>\n<p>Der Samstag geh\u00f6rte traditionell dem <a href=\"http:\/\/www.buchmessecon.info\" target=\"_blank\" rel=\"nofollow\">BuCon <\/a>. Wer meint, es m\u00fcsste die Buchmesse Convention hei\u00dfen, darf sich von den altgedienten SF-Fans belehren lassen, dass das nicht so ist. Auf eine Diskussion \u00fcber Grammatik und Etymologie werde ich mich an dieser Stelle oder sonst wo nicht einlassen. Jeder darf so hei\u00dfen, wie er mag, und bestimmt selber dar\u00fcber. Ich habe allerdings bei \u201eConvent\u201c immer mehr das Bild von farbenfrohen jungen M\u00e4nnern in voller Wichs oder wenig farbenfrohen alten Frauen mit frommem Gesichtsausdruck vor Augen.<\/p>\n<p>Davon war aber nichts da. Daf\u00fcr war die Phantastik-Familie vollst\u00e4ndig versammelt. Wenn ich an dieser Stelle mit dem Name-Dropping anfinge, dann m\u00fcsste ich diesen Blogbeitrag \u00fcber mehrere Seiten ausdehnen. Machen wir es anders. H\u00e4tte Kaschperle von der Kaschperlb\u00fchne die \u00fcbliche Frage \u201eSeid ihr auch alle daaaaa?\u201c gestellt, er h\u00e4tte ein Ja als Antwort bekommen. Ja. Wir waren alle, alle da.<br \/>\nIch hatte um die Mittagszeit eine Lesung, die sehr viel Spa\u00df gemacht hat. Mir \u2013 und ich hoffe, auch den Zuschauern. Nun, sie kauften danach meine B\u00fccher, also kann man davon ausgehen, dass sie sich nicht gelangweilt haben.<\/p>\n<p>Irgendwann habe ich dann den \u00dcberblick \u00fcber die Geschehnisse ein wenig verloren, das hat dem Spa\u00df, den ich auf der ganzen Veranstaltung hatte, jedoch keinen Abbruch getan. Vielleicht sollte ich meine Gespr\u00e4che in Zukunft besser planen. Denn offenbar ist es mir gelungen \u2013 und ich hadere immer noch ein wenig damit \u2013 auf keinem Bild, auf keinem Videoclip, in keinem Medien-Artikel (Zeitung oder Blog) irgendwie aufzutauchen. Ich war unsichtbar. Sollte mich die Polizei f\u00fcr den Samstag eines Verbrechens bezichtigen und w\u00fcrde das Bild- und Berichtsmaterial nach meinem Alibi absuchen, so w\u00fcrde ich wohl ins Gef\u00e4ngnis m\u00fcssen.<\/p>\n<p>Dabei war ich da. Ehrlich.<\/p>\n<p>Das Highlight des Abends ist immer die Verleihung des Deutschen Phantastik Preises. <a href=\"http:\/\/www.deutscher-phantastik-preis.de\/\" target=\"_blank\" rel=\"nofollow\">Die Gewinner sind hier gelistet<\/a>. Ich gratuliere allen, die gewonnen haben und die endnominiert waren.<\/p>\n<p>Tom Finn bekam au\u00dferdem den BuCon Ehrenpreis, der dieses Jahr zum ersten Mal verliehen wurde. Es ist wohl eine Art allgemeiner Schaffens-Award f\u00fcr das Lebenswerk (bis dato. Wir hoffen, Tom Finn schafft noch ein bisschen weiter und zwar viele Jahre).<\/p>\n<p>Abends war ich mit den \u201eEis &amp; Dampf\u201c-AutorInnen, denen ich nochmal f\u00fcr ihre Deutschen Phantastik Preis f\u00fcr die beste Anthologie gratulieren m\u00f6chte, essen. Auch das war sehr nett.<\/p>\n<p>Nun ist sie wieder rum, die Buchmessezeit. Und man kann sich wieder dem Aspekt von Book-Biz widmen, dem man am n\u00e4chsten steht: dem Schreiben.<\/p>","protected":false},"excerpt":{"rendered":"<p>Die letzte Woche war Buchmesse und nat\u00fcrlich BuCon, der Buchmesse Convent. Auf der Messe war ich nur einen Tag. Das hat aber doch gereicht, um mein Gesicht zu zeigen und ein paar nette Leute zu treffen. Richtig interessant wurde es am Abend. Nach dem traditionellen chinesischen Essen der Phantastik-Autoren (=Phantastik-Autoren haben chinesisch gegessen, und nicht Chinesen haben Phantastik-Autoren gegessen), ging es weiter mit dem Galaktischen Forum. Diesen sch\u00f6nen Namen tr\u00e4gt die Perry-Rhodan-Verlagsparty, auf der ich nun schon das zweite Mal eingeladen war. (Vielen Dank! Ich hoffe, Ihr ladet mich wieder ein!) Ich bin ja nicht so der Party-Mensch und f\u00fchle mich bei so etwas schnell verloren. Aber diese Zusammenkunft ist wirklich sch\u00f6n, und man trifft dort auf kleinem Raum alle, die in der Szene und in diesem Genre unterwegs sind. Ich werde mir das Name-dropping sparen, aber man konnte hier Licht hinter den Wolken ebenso finden wie eine Reihe Wanderhuren. F\u00fcr mich interessant: ein neues spannendes Kurzgeschichten-Projekt winkt am Horizont, denn auf diesem Treffen hat man intensiveren Kontakt zu seinen \u201ePeers\u201c als auf der riesigen Messe selbst. Der Samstag geh\u00f6rte traditionell dem BuCon . Wer meint, es m\u00fcsste die Buchmesse Convention hei\u00dfen, darf sich von den altgedienten SF-Fans belehren lassen, dass das nicht so ist. Auf eine Diskussion \u00fcber Grammatik und Etymologie werde ich mich an dieser Stelle oder sonst wo nicht einlassen. Jeder darf so hei\u00dfen, wie er mag, und bestimmt selber dar\u00fcber. Ich habe allerdings bei \u201eConvent\u201c immer mehr das Bild von farbenfrohen jungen M\u00e4nnern in voller Wichs oder wenig farbenfrohen alten Frauen mit frommem Gesichtsausdruck vor Augen. Davon war aber nichts da. Daf\u00fcr war die Phantastik-Familie vollst\u00e4ndig versammelt. Wenn ich an dieser Stelle mit dem Name-Dropping anfinge, dann m\u00fcsste ich diesen Blogbeitrag \u00fcber mehrere Seiten ausdehnen. Machen wir es anders. H\u00e4tte Kaschperle von der Kaschperlb\u00fchne die \u00fcbliche Frage \u201eSeid ihr auch alle daaaaa?\u201c gestellt, er h\u00e4tte ein Ja als Antwort bekommen. Ja. Wir waren alle, alle da. Ich hatte um die Mittagszeit eine Lesung, die sehr viel Spa\u00df gemacht hat. Mir \u2013 und ich hoffe, auch den Zuschauern. Nun, sie kauften danach meine B\u00fccher, also kann man davon ausgehen, dass sie sich nicht gelangweilt haben. Irgendwann habe ich dann den \u00dcberblick \u00fcber die Geschehnisse ein wenig verloren, das hat dem Spa\u00df, den ich auf der ganzen Veranstaltung hatte, jedoch keinen Abbruch getan. Vielleicht sollte ich meine Gespr\u00e4che in Zukunft besser planen. Denn offenbar ist es mir gelungen \u2013 und ich hadere immer noch ein wenig damit \u2013 auf keinem Bild, auf keinem Videoclip, in keinem Medien-Artikel (Zeitung oder Blog) irgendwie aufzutauchen. Ich war unsichtbar. Sollte mich die Polizei f\u00fcr den Samstag eines Verbrechens bezichtigen und w\u00fcrde das Bild- und Berichtsmaterial nach meinem Alibi absuchen, so w\u00fcrde ich wohl ins Gef\u00e4ngnis m\u00fcssen. Dabei war ich da. Ehrlich. Das Highlight des Abends ist immer die Verleihung des Deutschen Phantastik Preises. Die Gewinner sind hier gelistet. Ich gratuliere allen, die gewonnen haben und die endnominiert waren. Tom Finn bekam au\u00dferdem den BuCon Ehrenpreis, der dieses Jahr zum ersten Mal verliehen wurde. Es ist wohl eine Art allgemeiner Schaffens-Award f\u00fcr das Lebenswerk (bis dato. Wir hoffen, Tom Finn schafft noch ein bisschen weiter und zwar viele Jahre). Abends war ich mit den \u201eEis &amp; Dampf\u201c-AutorInnen, denen ich nochmal f\u00fcr ihre Deutschen Phantastik Preis f\u00fcr die beste Anthologie gratulieren m\u00f6chte, essen. Auch das war sehr nett. Nun ist sie wieder rum, die Buchmessezeit. Und man kann sich wieder dem Aspekt von Book-Biz widmen, dem man am n\u00e4chsten steht: dem Schreiben.<\/p>\n","protected":false},"author":1,"featured_media":0,"comment_status":"open","ping_status":"closed","sticky":false,"template":"","format":"standard","meta":{"sfsi_plus_gutenberg_text_before_share":"","sfsi_plus_gutenberg_show_text_before_share":"","sfsi_plus_gutenberg_icon_type":"","sfsi_plus_gutenberg_icon_alignemt":"","sfsi_plus_gutenburg_max_per_row":"","footnotes":""},"categories":[9],"tags":[],"class_list":["post-192","post","type-post","status-publish","format-standard","hentry","category-book-fairs"],"acf":[],"_links":{"self":[{"href":"https:\/\/www.juhonisch.de\/index.php?rest_route=\/wp\/v2\/posts\/192","targetHints":{"allow":["GET"]}}],"collection":[{"href":"https:\/\/www.juhonisch.de\/index.php?rest_route=\/wp\/v2\/posts"}],"about":[{"href":"https:\/\/www.juhonisch.de\/index.php?rest_route=\/wp\/v2\/types\/post"}],"author":[{"embeddable":true,"href":"https:\/\/www.juhonisch.de\/index.php?rest_route=\/wp\/v2\/users\/1"}],"replies":[{"embeddable":true,"href":"https:\/\/www.juhonisch.de\/index.php?rest_route=%2Fwp%2Fv2%2Fcomments&post=192"}],"version-history":[{"count":1,"href":"https:\/\/www.juhonisch.de\/index.php?rest_route=\/wp\/v2\/posts\/192\/revisions"}],"predecessor-version":[{"id":193,"href":"https:\/\/www.juhonisch.de\/index.php?rest_route=\/wp\/v2\/posts\/192\/revisions\/193"}],"wp:attachment":[{"href":"https:\/\/www.juhonisch.de\/index.php?rest_route=%2Fwp%2Fv2%2Fmedia&parent=192"}],"wp:term":[{"taxonomy":"category","embeddable":true,"href":"https:\/\/www.juhonisch.de\/index.php?rest_route=%2Fwp%2Fv2%2Fcategories&post=192"},{"taxonomy":"post_tag","embeddable":true,"href":"https:\/\/www.juhonisch.de\/index.php?rest_route=%2Fwp%2Fv2%2Ftags&post=192"}],"curies":[{"name":"wp","href":"https:\/\/api.w.org\/{rel}","templated":true}]}}